{"id":549,"date":"2021-06-07T13:55:12","date_gmt":"2021-06-07T13:55:12","guid":{"rendered":"http:\/\/www.kunstkartell-warmbier.de\/?p=549"},"modified":"2021-08-24T13:47:29","modified_gmt":"2021-08-24T13:47:29","slug":"fotoausstellung-im-fiskeri-og-bymuseum-von-karrebaeksminde-dk-26-6-4-7-2021","status":"publish","type":"post","link":"https:\/\/www.kunstkartell-warmbier.de\/?p=549","title":{"rendered":"Fotoausstellung im Fiskeri- og Bymuseum von Karreb\u00e6ksminde (DK) 26.6.-2.7.2021"},"content":{"rendered":"<p>Vom 26.06. bis zum 02.07.2021\u00a0 zeigte G\u00fcnter im <a href=\"http:\/\/www.kbm-museum.dk\/\" target=\"_blank\" rel=\"noopener\">Fiskeri- og Bymusum<\/a> im d\u00e4nischen Hafenort Karreb\u00e6ksminde einen Querschnitt seiner Fotografien von En\u00f8 und Umgebung in einer Einzelausstellung. Zu sehen waren neben Fotografien auch Fotoarbeiten in Form von Collagen und Fotografiken.<\/p>\n<p>Herzlichen Dank an die zahlreichen BesucherInnen f\u00fcr die sch\u00f6nen, aufbauenden Gespr\u00e4che und die \u00fcberw\u00e4ltigende Resonanz!<\/p>\n<p>Hier das Poster &#8222;Herbst&#8220; als Beispiel:<img loading=\"lazy\" decoding=\"async\" class=\"alignnone size-large wp-image-550\" src=\"https:\/\/www.kunstkartell-warmbier.de\/wp-content\/uploads\/2021\/06\/11_Poster_4-_Jahreszeiten_Herbst_70x90_sm-700x900.jpg\" alt=\"\" width=\"474\" height=\"609\" srcset=\"https:\/\/www.kunstkartell-warmbier.de\/wp-content\/uploads\/2021\/06\/11_Poster_4-_Jahreszeiten_Herbst_70x90_sm-700x900.jpg 700w, https:\/\/www.kunstkartell-warmbier.de\/wp-content\/uploads\/2021\/06\/11_Poster_4-_Jahreszeiten_Herbst_70x90_sm-233x300.jpg 233w, https:\/\/www.kunstkartell-warmbier.de\/wp-content\/uploads\/2021\/06\/11_Poster_4-_Jahreszeiten_Herbst_70x90_sm-768x987.jpg 768w, https:\/\/www.kunstkartell-warmbier.de\/wp-content\/uploads\/2021\/06\/11_Poster_4-_Jahreszeiten_Herbst_70x90_sm.jpg 840w\" sizes=\"auto, (max-width: 474px) 100vw, 474px\" \/><\/p>\n","protected":false},"excerpt":{"rendered":"<p>Vom 26.06. bis zum 02.07.2021\u00a0 zeigte G\u00fcnter im Fiskeri- og Bymusum im d\u00e4nischen Hafenort Karreb\u00e6ksminde einen Querschnitt seiner Fotografien von En\u00f8 und Umgebung in einer Einzelausstellung. Zu sehen waren neben Fotografien auch Fotoarbeiten in Form von Collagen und Fotografiken. Herzlichen Dank an die zahlreichen BesucherInnen f\u00fcr die sch\u00f6nen, aufbauenden Gespr\u00e4che und die \u00fcberw\u00e4ltigende Resonanz! Hier &hellip; <a href=\"https:\/\/www.kunstkartell-warmbier.de\/?p=549\" class=\"more-link\"><span class=\"screen-reader-text\">Fotoausstellung im Fiskeri- og Bymuseum von Karreb\u00e6ksminde (DK) 26.6.-2.7.2021<\/span> weiterlesen <span class=\"meta-nav\">&rarr;<\/span><\/a><\/p>\n","protected":false},"author":3,"featured_media":0,"comment_status":"closed","ping_status":"open","sticky":false,"template":"","format":"standard","meta":{"footnotes":""},"categories":[22],"tags":[],"class_list":["post-549","post","type-post","status-publish","format-standard","hentry","category-events-2021"],"_links":{"self":[{"href":"https:\/\/www.kunstkartell-warmbier.de\/index.php?rest_route=\/wp\/v2\/posts\/549","targetHints":{"allow":["GET"]}}],"collection":[{"href":"https:\/\/www.kunstkartell-warmbier.de\/index.php?rest_route=\/wp\/v2\/posts"}],"about":[{"href":"https:\/\/www.kunstkartell-warmbier.de\/index.php?rest_route=\/wp\/v2\/types\/post"}],"author":[{"embeddable":true,"href":"https:\/\/www.kunstkartell-warmbier.de\/index.php?rest_route=\/wp\/v2\/users\/3"}],"replies":[{"embeddable":true,"href":"https:\/\/www.kunstkartell-warmbier.de\/index.php?rest_route=%2Fwp%2Fv2%2Fcomments&post=549"}],"version-history":[{"count":8,"href":"https:\/\/www.kunstkartell-warmbier.de\/index.php?rest_route=\/wp\/v2\/posts\/549\/revisions"}],"predecessor-version":[{"id":573,"href":"https:\/\/www.kunstkartell-warmbier.de\/index.php?rest_route=\/wp\/v2\/posts\/549\/revisions\/573"}],"wp:attachment":[{"href":"https:\/\/www.kunstkartell-warmbier.de\/index.php?rest_route=%2Fwp%2Fv2%2Fmedia&parent=549"}],"wp:term":[{"taxonomy":"category","embeddable":true,"href":"https:\/\/www.kunstkartell-warmbier.de\/index.php?rest_route=%2Fwp%2Fv2%2Fcategories&post=549"},{"taxonomy":"post_tag","embeddable":true,"href":"https:\/\/www.kunstkartell-warmbier.de\/index.php?rest_route=%2Fwp%2Fv2%2Ftags&post=549"}],"curies":[{"name":"wp","href":"https:\/\/api.w.org\/{rel}","templated":true}]}}